{"id":10511,"date":"2021-06-17T08:40:13","date_gmt":"2021-06-17T06:40:13","guid":{"rendered":"https:\/\/www.german-doctors.de\/blog\/?p=10511"},"modified":"2021-09-24T12:22:00","modified_gmt":"2021-09-24T10:22:00","slug":"die-duerre-macht-sich-bemerkbar","status":"publish","type":"post","link":"https:\/\/www.german-doctors.de\/blog\/2021\/06\/17\/die-duerre-macht-sich-bemerkbar\/","title":{"rendered":"Die D\u00fcrre macht sich bemerkbar"},"content":{"rendered":"<h1>Die D\u00fcrre macht sich bemerkbar<\/h1>\n<h3>Ein Bericht von Einsatzarzt Dr. Friedemann Egender aus unserer Slumambulanz in Athi River:<\/h3>\n<div id=\"attachment_10513\" style=\"width: 360px\" class=\"wp-caption alignleft\"><a href=\"https:\/\/www.german-doctors.de\/blog\/wp-content\/uploads\/2021\/06\/DSC08659-scaled-e1623422652220.jpg\"><img loading=\"lazy\" decoding=\"async\" aria-describedby=\"caption-attachment-10513\" class=\"wp-image-10513\" src=\"https:\/\/www.german-doctors.de\/blog\/wp-content\/uploads\/2021\/06\/DSC08659-scaled-e1623422652220.jpg\" alt=\"\" width=\"350\" height=\"262\" \/><\/a><p id=\"caption-attachment-10513\" class=\"wp-caption-text\">Dr. Friedemann Egender in der Ambulanz<\/p><\/div>\n<p>Der s\u00fc\u00dfliche Geruch nach Lindenbl\u00fcte steigt mir in die Nase, w\u00e4hrend mich Schwei\u00dftropfen zwischen den Schulterbl\u00e4ttern kitzeln. Ich denke, warum darf ich hier in diesem Land einen Elefanten adoptieren, aber keinen anderen Mann lieben. Das Bein unter mir zuckt und ich spritze Bet\u00e4ubung nach. Seit einem Monat hat Andreas einen offenen Kn\u00f6chel. Gestern ist er in ein benachbartes Krankenhaus gegangen und hat verschiedene Antibiotika bekommen. Eines hilft gut gegen blutigen Durchfall. Den habe er nicht, versichert er meiner \u00dcbersetzerin Jaqueline, w\u00e4hrend ich seine enormen Krampfadern betrachte. Die tote Haut um die infizierte Wunde m\u00fcssen wir wegschneiden, habe ich ihm gesagt; er hat genickt und das hat er jetzt davon.<\/p>\n<h4><\/h4>\n<h4>Auch in Athi River zeigen sich Auswirkungen des Klimawandels<\/h4>\n<div id=\"attachment_10522\" style=\"width: 360px\" class=\"wp-caption alignright\"><a href=\"https:\/\/www.german-doctors.de\/blog\/wp-content\/uploads\/2021\/06\/IMG_20210407_083118_717-scaled.jpg\"><img loading=\"lazy\" decoding=\"async\" aria-describedby=\"caption-attachment-10522\" class=\"wp-image-10522\" src=\"https:\/\/www.german-doctors.de\/blog\/wp-content\/uploads\/2021\/06\/IMG_20210407_083118_717-scaled.jpg\" alt=\"\" width=\"350\" height=\"262\" \/><\/a><p id=\"caption-attachment-10522\" class=\"wp-caption-text\">Ein Junge in Athi River<\/p><\/div>\n<p>Seit \u00fcber drei Wochen arbeite ich als <a href=\"https:\/\/www.german-doctors.de\/de\/\">German Doctor<\/a> im Fanaka Medical Health Center, am Rande des Kanaani-Townships von <a href=\"https:\/\/www.german-doctors.de\/de\/projekte-entdecken\/athi-river\">Athi River <\/a>in <a href=\"https:\/\/www.german-doctors.de\/de\/hilfe-fuer-kenia\">Kenia<\/a>, einem Ort an der Hauptstra\u00dfe von Nairobi nach Mombasa, und die Regenzeit hat begonnen. Ein paar Minuten t\u00e4glich treibt das Wasser tiefe Furchen in die sandigen Stra\u00dfen, bevor der Boden wie eine durstige Ziege alles wegs\u00e4uft und die Region um den gleichnamigen Fluss wieder im Staub versinkt. Der Athi versorgt auf seinem Weg Richtung Indischen Ozean unz\u00e4hlige Plantagen. Eigentlich. Denn in den letzten Jahren l\u00e4sst ihn der Klimawandel pendeln zwischen rei\u00dfendem Strom und d\u00fcrrem Rinnsal. Statt Bananen und S\u00fc\u00dfkartoffeln bedeutet das zunehmende <a href=\"https:\/\/www.german-doctors.de\/de\/ueber-uns\/krankheiten-in-entwicklungslaendern\/unterernaehrung\">Mangelern\u00e4hrung<\/a> und Infektionskrankheiten f\u00fcr die Menschen.<\/p>\n<h4>60.000 Menschen leben im Umkreis der Ambulanz &#8211; die meisten ohne Krankenversicherung<\/h4>\n<p>Andreas bedankt sich h\u00f6flich und humpelt aus dem Zimmer. Er ist Anfang 30. Wir werden uns jetzt h\u00e4ufiger sehen. Der Wartesaal ist voller Menschen. 130 Behandlungen werden wir heute durchf\u00fchren. Etwa 60.000 Personen leben hier in der Region, der Gro\u00dfteil davon ohne Krankenversicherung. Ohne den pandemiebedingten Lockdown w\u00e4re hier mehr los, wird mir gesagt. \u201ePasst schon\u201c, antworte ich. Unser Labortechniker Akal erkl\u00e4rt, seitdem niemand mehr weit reisen darf, ist <a href=\"https:\/\/www.german-doctors.de\/de\/ueber-uns\/krankheiten-in-entwicklungslaendern\/malaria\">Malaria<\/a> hier seltener geworden. Fieber und Gelenkschmerzen sind geblieben, dazu gibt es jetzt Husten und Geschmacksverlust. Ich denke an mein letztes Jahr auf der Intensivstation. Schade um die Tropenmedizin, aber Corona kenne ich wenigstens. Bis jetzt.<\/p>\n<h4>Covid-19- Erkrankte gibt es auch hier<\/h4>\n<p>Chris, unser Wachmann, bringt einen \u00e4lteren Herrn und seine Familie in den Behandlungsraum. Seit 2 Wochen gehe es ihm schlecht, Fieber, Husten und jetzt falle ihm das Atmen schwer. Gut, dass wir heute Morgen noch das undichte Ventil an der Sauerstoffflasche geklebt haben, denke ich, w\u00e4hrend mein Stethoskop \u00fcber seine rasselnde Brust gleitet. Na dann mal los: Arterie, Highflow, einmal Komplettlabor und dann ab ins CT. Wie lange er denn Sauerstoff bekommen soll, holt mich eine Stimme ins Hier zur\u00fcck, weil ganz voll sei die Flasche ja nicht mehr. Die Sauerstoffs\u00e4ttigung auf der kleinen Maschine an seinem Finger zeigt jetzt immerhin schon 92 Prozent an. Muss reichen. F\u00fcr was eigentlich?<\/p>\n<h4>Motorrad statt Krankenwagen<\/h4>\n<p>Ambulanzautos trifft man hier in der Ecke eher selten und das n\u00e4chste gro\u00dfe Krankenhaus ist eine Stunde entfernt. Au\u00dferdem ist es fraglich, ob sie ihn dort aufnehmen ohne Versicherung und Geld. \u201eDie fahren ihn selbst\u201c, sagt mir Schwester Irene nach einem kurzen Austausch mit der Familie. Auf dem Motorrad. Hinter dem Fahrer und ein Dritter klemmt ihn dann vor sich ein. \u201eGanz gute Idee eigentlich f\u00fcr die Frischluftzirkulation\u201c, denke ich und verabreiche ihm noch zwei Spr\u00fchst\u00f6\u00dfe Kortison. Ob ich noch ein Antibiotikum gegen die Pneumonie mitgeben m\u00f6chte? Ich nicke. Die Familie soll dann versuchen, sp\u00e4ter den Kontakt zu anderen Personen auf ein Minimum zu reduzieren, will ich noch sagen. Aber da schl\u00e4ngelt sich das Motorrad schon durch das rege Menschentreiben und verschwindet im Wellblechdschungel.<\/p>\n<div id=\"attachment_10524\" style=\"width: 360px\" class=\"wp-caption alignleft\"><a href=\"https:\/\/www.german-doctors.de\/blog\/wp-content\/uploads\/2021\/06\/IMG_20210407_081240_913-scaled.jpg\"><img loading=\"lazy\" decoding=\"async\" aria-describedby=\"caption-attachment-10524\" class=\"wp-image-10524\" src=\"https:\/\/www.german-doctors.de\/blog\/wp-content\/uploads\/2021\/06\/IMG_20210407_081240_913-scaled.jpg\" alt=\"\" width=\"350\" height=\"263\" \/><\/a><p id=\"caption-attachment-10524\" class=\"wp-caption-text\">Die Schweine bedienen sich am M\u00fcll<\/p><\/div>\n<h4>Hilfe, die bleibt!<\/h4>\n<p>W\u00e4hrend ich zur\u00fcckgehe, frage ich mich, ob Covid-19 jetzt mehr Armut oder doch Armut mehr Covid-19 beg\u00fcnstigt.\u00a0 N\u00e4chstes Wochenende werden wir in einen der unz\u00e4hligen Nationalparks fahren und einen Artenreichtum erleben, der vielen Einwohnern hier verwehrt bleibt. Auf das schlechte Gewissen trinke ich einen Kaffee und lasse mich von meinen kenianischen Kolleginnen beruhigen: Tourismus sei sehr wertvoll f\u00fcr ihr Land. Ich finde es wertvoll, dass das Team hier unter Pandemiebedingungen seit einem Jahr eine medizinische Grundversorgung bietet. Der Respekt f\u00fcreinander und die Anerkennung eines jeden Arbeitsbereichs hat Vorbildfunktion f\u00fcr so manche Klinikstruktur vor Ort, aber auch in Deutschland. Und wenn <a href=\"https:\/\/www.german-doctors.de\/de\/ueber-uns\/grundsaetze-der-arbeit\/entwicklungszusammenarbeit\">Entwicklungshilfe<\/a> oft zurecht daf\u00fcr kritisiert wird, Abh\u00e4ngigkeiten zu schaffen, gelingt es hier in Athi River das Selbstbewusstsein der Menschen zu st\u00e4rken, indem ihnen Verantwortung \u00fcbertragen wird. Seit Beginn des Projekts sind \u00fcber 300 chronisch Erkrankte identifiziert und in langfristige Behandlungskonzepte integriert worden. Und wenn wir am Ende unseres fachlichen und kulturellen Austauschs wieder abreisen m\u00fcssen, ist das die Hilfe, die bleibt.<\/p>\n<p>&nbsp;<\/p>\n","protected":false},"excerpt":{"rendered":"<h3>Ein Bericht von Einsatzarzt Dr. Friedemann Egender aus unserer Slumambulanz in Athi River<\/h3>\n<p>Der s\u00fc\u00dfliche Geruch nach Lindenbl\u00fcte steigt mir in die Nase, w\u00e4hrend mich Schwei\u00dftropfen zwischen den Schulterbl\u00e4ttern kitzeln. Ich denke, warum darf ich hier in diesem Land einen Elefanten adoptieren, aber keinen anderen Mann lieben.<\/p>\n","protected":false},"author":2,"featured_media":10554,"comment_status":"open","ping_status":"open","sticky":false,"template":"","format":"standard","meta":{"_acf_changed":false,"inline_featured_image":false,"jetpack_post_was_ever_published":false,"_jetpack_newsletter_access":"","_jetpack_dont_email_post_to_subs":false,"_jetpack_newsletter_tier_id":0,"_jetpack_memberships_contains_paywalled_content":false,"_jetpack_memberships_contains_paid_content":false,"footnotes":""},"categories":[5],"tags":[16,175,118],"class_list":["post-10511","post","type-post","status-publish","format-standard","has-post-thumbnail","hentry","category-kenia","tag-ambulanz","tag-klimawandel","tag-slum"],"acf":[],"yoast_head":"<!-- This site is optimized with the Yoast SEO plugin v27.4 - https:\/\/yoast.com\/product\/yoast-seo-wordpress\/ -->\n<title>Die D\u00fcrre macht sich bemerkbar - German Doctors Blog<\/title>\n<meta name=\"robots\" content=\"index, follow, max-snippet:-1, max-image-preview:large, max-video-preview:-1\" \/>\n<link rel=\"canonical\" href=\"https:\/\/www.german-doctors.de\/blog\/2021\/06\/17\/die-duerre-macht-sich-bemerkbar\/\" \/>\n<meta property=\"og:locale\" content=\"de_DE\" \/>\n<meta property=\"og:type\" content=\"article\" \/>\n<meta property=\"og:title\" content=\"Die D\u00fcrre macht sich bemerkbar - German Doctors Blog\" \/>\n<meta property=\"og:description\" content=\"Ein Bericht von Einsatzarzt Dr. Friedemann Egender aus unserer Slumambulanz in Athi River Der s\u00fc\u00dfliche Geruch nach Lindenbl\u00fcte steigt mir in die Nase, w\u00e4hrend mich Schwei\u00dftropfen zwischen den Schulterbl\u00e4ttern kitzeln. Ich denke, warum darf ich hier in diesem Land einen Elefanten adoptieren, aber keinen anderen Mann lieben.\" \/>\n<meta property=\"og:url\" content=\"https:\/\/www.german-doctors.de\/blog\/2021\/06\/17\/die-duerre-macht-sich-bemerkbar\/\" \/>\n<meta property=\"og:site_name\" content=\"German Doctors Blog\" \/>\n<meta property=\"article:publisher\" content=\"https:\/\/www.facebook.com\/GermanDoctors\/\" \/>\n<meta property=\"article:published_time\" content=\"2021-06-17T06:40:13+00:00\" \/>\n<meta property=\"article:modified_time\" content=\"2021-09-24T10:22:00+00:00\" \/>\n<meta property=\"og:image\" content=\"https:\/\/www.german-doctors.de\/blog\/wp-content\/uploads\/2021\/06\/Header-1.jpg\" \/>\n\t<meta property=\"og:image:width\" content=\"1200\" \/>\n\t<meta property=\"og:image:height\" content=\"627\" \/>\n\t<meta property=\"og:image:type\" content=\"image\/jpeg\" \/>\n<meta name=\"author\" content=\"germandoctors\" \/>\n<meta name=\"twitter:card\" content=\"summary_large_image\" \/>\n<meta name=\"twitter:creator\" content=\"@germandoctors\" \/>\n<meta name=\"twitter:site\" content=\"@germandoctors\" \/>\n<meta name=\"twitter:label1\" content=\"Geschrieben von\" \/>\n\t<meta name=\"twitter:data1\" content=\"germandoctors\" \/>\n\t<meta name=\"twitter:label2\" content=\"Gesch\u00e4tzte Lesezeit\" \/>\n\t<meta name=\"twitter:data2\" content=\"5\u00a0Minuten\" \/>\n<script type=\"application\/ld+json\" class=\"yoast-schema-graph\">{\"@context\":\"https:\\\/\\\/schema.org\",\"@graph\":[{\"@type\":\"Article\",\"@id\":\"https:\\\/\\\/www.german-doctors.de\\\/blog\\\/2021\\\/06\\\/17\\\/die-duerre-macht-sich-bemerkbar\\\/#article\",\"isPartOf\":{\"@id\":\"https:\\\/\\\/www.german-doctors.de\\\/blog\\\/2021\\\/06\\\/17\\\/die-duerre-macht-sich-bemerkbar\\\/\"},\"author\":{\"name\":\"germandoctors\",\"@id\":\"https:\\\/\\\/www.german-doctors.de\\\/blog\\\/#\\\/schema\\\/person\\\/b51695a9c0cbf66adbf11776f3cabab7\"},\"headline\":\"Die D\u00fcrre macht sich bemerkbar\",\"datePublished\":\"2021-06-17T06:40:13+00:00\",\"dateModified\":\"2021-09-24T10:22:00+00:00\",\"mainEntityOfPage\":{\"@id\":\"https:\\\/\\\/www.german-doctors.de\\\/blog\\\/2021\\\/06\\\/17\\\/die-duerre-macht-sich-bemerkbar\\\/\"},\"wordCount\":863,\"commentCount\":0,\"publisher\":{\"@id\":\"https:\\\/\\\/www.german-doctors.de\\\/blog\\\/#organization\"},\"image\":{\"@id\":\"https:\\\/\\\/www.german-doctors.de\\\/blog\\\/2021\\\/06\\\/17\\\/die-duerre-macht-sich-bemerkbar\\\/#primaryimage\"},\"thumbnailUrl\":\"https:\\\/\\\/www.german-doctors.de\\\/blog\\\/wp-content\\\/uploads\\\/2021\\\/06\\\/Header-1.jpg\",\"keywords\":[\"Ambulanz\",\"Klimawandel\",\"Slum\"],\"articleSection\":[\"Kenia\"],\"inLanguage\":\"de\",\"potentialAction\":[{\"@type\":\"CommentAction\",\"name\":\"Comment\",\"target\":[\"https:\\\/\\\/www.german-doctors.de\\\/blog\\\/2021\\\/06\\\/17\\\/die-duerre-macht-sich-bemerkbar\\\/#respond\"]}]},{\"@type\":\"WebPage\",\"@id\":\"https:\\\/\\\/www.german-doctors.de\\\/blog\\\/2021\\\/06\\\/17\\\/die-duerre-macht-sich-bemerkbar\\\/\",\"url\":\"https:\\\/\\\/www.german-doctors.de\\\/blog\\\/2021\\\/06\\\/17\\\/die-duerre-macht-sich-bemerkbar\\\/\",\"name\":\"Die D\u00fcrre macht sich bemerkbar - German Doctors Blog\",\"isPartOf\":{\"@id\":\"https:\\\/\\\/www.german-doctors.de\\\/blog\\\/#website\"},\"primaryImageOfPage\":{\"@id\":\"https:\\\/\\\/www.german-doctors.de\\\/blog\\\/2021\\\/06\\\/17\\\/die-duerre-macht-sich-bemerkbar\\\/#primaryimage\"},\"image\":{\"@id\":\"https:\\\/\\\/www.german-doctors.de\\\/blog\\\/2021\\\/06\\\/17\\\/die-duerre-macht-sich-bemerkbar\\\/#primaryimage\"},\"thumbnailUrl\":\"https:\\\/\\\/www.german-doctors.de\\\/blog\\\/wp-content\\\/uploads\\\/2021\\\/06\\\/Header-1.jpg\",\"datePublished\":\"2021-06-17T06:40:13+00:00\",\"dateModified\":\"2021-09-24T10:22:00+00:00\",\"breadcrumb\":{\"@id\":\"https:\\\/\\\/www.german-doctors.de\\\/blog\\\/2021\\\/06\\\/17\\\/die-duerre-macht-sich-bemerkbar\\\/#breadcrumb\"},\"inLanguage\":\"de\",\"potentialAction\":[{\"@type\":\"ReadAction\",\"target\":[\"https:\\\/\\\/www.german-doctors.de\\\/blog\\\/2021\\\/06\\\/17\\\/die-duerre-macht-sich-bemerkbar\\\/\"]}]},{\"@type\":\"ImageObject\",\"inLanguage\":\"de\",\"@id\":\"https:\\\/\\\/www.german-doctors.de\\\/blog\\\/2021\\\/06\\\/17\\\/die-duerre-macht-sich-bemerkbar\\\/#primaryimage\",\"url\":\"https:\\\/\\\/www.german-doctors.de\\\/blog\\\/wp-content\\\/uploads\\\/2021\\\/06\\\/Header-1.jpg\",\"contentUrl\":\"https:\\\/\\\/www.german-doctors.de\\\/blog\\\/wp-content\\\/uploads\\\/2021\\\/06\\\/Header-1.jpg\",\"width\":1200,\"height\":627},{\"@type\":\"BreadcrumbList\",\"@id\":\"https:\\\/\\\/www.german-doctors.de\\\/blog\\\/2021\\\/06\\\/17\\\/die-duerre-macht-sich-bemerkbar\\\/#breadcrumb\",\"itemListElement\":[{\"@type\":\"ListItem\",\"position\":1,\"name\":\"Home\",\"item\":\"https:\\\/\\\/www.german-doctors.de\\\/blog\\\/\"},{\"@type\":\"ListItem\",\"position\":2,\"name\":\"Die D\u00fcrre macht sich bemerkbar\"}]},{\"@type\":\"WebSite\",\"@id\":\"https:\\\/\\\/www.german-doctors.de\\\/blog\\\/#website\",\"url\":\"https:\\\/\\\/www.german-doctors.de\\\/blog\\\/\",\"name\":\"German Doctors Blog\",\"description\":\"\u00c4rzte berichten aus dem Einsatz\",\"publisher\":{\"@id\":\"https:\\\/\\\/www.german-doctors.de\\\/blog\\\/#organization\"},\"potentialAction\":[{\"@type\":\"SearchAction\",\"target\":{\"@type\":\"EntryPoint\",\"urlTemplate\":\"https:\\\/\\\/www.german-doctors.de\\\/blog\\\/?s={search_term_string}\"},\"query-input\":{\"@type\":\"PropertyValueSpecification\",\"valueRequired\":true,\"valueName\":\"search_term_string\"}}],\"inLanguage\":\"de\"},{\"@type\":\"Organization\",\"@id\":\"https:\\\/\\\/www.german-doctors.de\\\/blog\\\/#organization\",\"name\":\"German Doctors Blog\",\"url\":\"https:\\\/\\\/www.german-doctors.de\\\/blog\\\/\",\"logo\":{\"@type\":\"ImageObject\",\"inLanguage\":\"de\",\"@id\":\"https:\\\/\\\/www.german-doctors.de\\\/blog\\\/#\\\/schema\\\/logo\\\/image\\\/\",\"url\":\"https:\\\/\\\/www.german-doctors.de\\\/blog\\\/wp-content\\\/uploads\\\/2015\\\/10\\\/JM-GDO-Blog-Logo.jpg\",\"contentUrl\":\"https:\\\/\\\/www.german-doctors.de\\\/blog\\\/wp-content\\\/uploads\\\/2015\\\/10\\\/JM-GDO-Blog-Logo.jpg\",\"width\":305,\"height\":404,\"caption\":\"German Doctors Blog\"},\"image\":{\"@id\":\"https:\\\/\\\/www.german-doctors.de\\\/blog\\\/#\\\/schema\\\/logo\\\/image\\\/\"},\"sameAs\":[\"https:\\\/\\\/www.facebook.com\\\/GermanDoctors\\\/\",\"https:\\\/\\\/x.com\\\/germandoctors\",\"https:\\\/\\\/www.instagram.com\\\/german_doctors\\\/\",\"https:\\\/\\\/www.youtube.com\\\/user\\\/Aerztefuerdie3Welt\"]},{\"@type\":\"Person\",\"@id\":\"https:\\\/\\\/www.german-doctors.de\\\/blog\\\/#\\\/schema\\\/person\\\/b51695a9c0cbf66adbf11776f3cabab7\",\"name\":\"germandoctors\",\"image\":{\"@type\":\"ImageObject\",\"inLanguage\":\"de\",\"@id\":\"https:\\\/\\\/secure.gravatar.com\\\/avatar\\\/efbbed41a3da9b03cf94cc2985e557b83354d79cd92d9554893f9b2d1c23736b?s=96&d=mm&r=g\",\"url\":\"https:\\\/\\\/secure.gravatar.com\\\/avatar\\\/efbbed41a3da9b03cf94cc2985e557b83354d79cd92d9554893f9b2d1c23736b?s=96&d=mm&r=g\",\"contentUrl\":\"https:\\\/\\\/secure.gravatar.com\\\/avatar\\\/efbbed41a3da9b03cf94cc2985e557b83354d79cd92d9554893f9b2d1c23736b?s=96&d=mm&r=g\",\"caption\":\"germandoctors\"},\"url\":\"https:\\\/\\\/www.german-doctors.de\\\/blog\\\/author\\\/germandoctors\\\/\"}]}<\/script>\n<!-- \/ Yoast SEO plugin. -->","yoast_head_json":{"title":"Die D\u00fcrre macht sich bemerkbar - German Doctors Blog","robots":{"index":"index","follow":"follow","max-snippet":"max-snippet:-1","max-image-preview":"max-image-preview:large","max-video-preview":"max-video-preview:-1"},"canonical":"https:\/\/www.german-doctors.de\/blog\/2021\/06\/17\/die-duerre-macht-sich-bemerkbar\/","og_locale":"de_DE","og_type":"article","og_title":"Die D\u00fcrre macht sich bemerkbar - German Doctors Blog","og_description":"Ein Bericht von Einsatzarzt Dr. Friedemann Egender aus unserer Slumambulanz in Athi River Der s\u00fc\u00dfliche Geruch nach Lindenbl\u00fcte steigt mir in die Nase, w\u00e4hrend mich Schwei\u00dftropfen zwischen den Schulterbl\u00e4ttern kitzeln. Ich denke, warum darf ich hier in diesem Land einen Elefanten adoptieren, aber keinen anderen Mann lieben.","og_url":"https:\/\/www.german-doctors.de\/blog\/2021\/06\/17\/die-duerre-macht-sich-bemerkbar\/","og_site_name":"German Doctors Blog","article_publisher":"https:\/\/www.facebook.com\/GermanDoctors\/","article_published_time":"2021-06-17T06:40:13+00:00","article_modified_time":"2021-09-24T10:22:00+00:00","og_image":[{"width":1200,"height":627,"url":"https:\/\/www.german-doctors.de\/blog\/wp-content\/uploads\/2021\/06\/Header-1.jpg","type":"image\/jpeg"}],"author":"germandoctors","twitter_card":"summary_large_image","twitter_creator":"@germandoctors","twitter_site":"@germandoctors","twitter_misc":{"Geschrieben von":"germandoctors","Gesch\u00e4tzte Lesezeit":"5\u00a0Minuten"},"schema":{"@context":"https:\/\/schema.org","@graph":[{"@type":"Article","@id":"https:\/\/www.german-doctors.de\/blog\/2021\/06\/17\/die-duerre-macht-sich-bemerkbar\/#article","isPartOf":{"@id":"https:\/\/www.german-doctors.de\/blog\/2021\/06\/17\/die-duerre-macht-sich-bemerkbar\/"},"author":{"name":"germandoctors","@id":"https:\/\/www.german-doctors.de\/blog\/#\/schema\/person\/b51695a9c0cbf66adbf11776f3cabab7"},"headline":"Die D\u00fcrre macht sich bemerkbar","datePublished":"2021-06-17T06:40:13+00:00","dateModified":"2021-09-24T10:22:00+00:00","mainEntityOfPage":{"@id":"https:\/\/www.german-doctors.de\/blog\/2021\/06\/17\/die-duerre-macht-sich-bemerkbar\/"},"wordCount":863,"commentCount":0,"publisher":{"@id":"https:\/\/www.german-doctors.de\/blog\/#organization"},"image":{"@id":"https:\/\/www.german-doctors.de\/blog\/2021\/06\/17\/die-duerre-macht-sich-bemerkbar\/#primaryimage"},"thumbnailUrl":"https:\/\/www.german-doctors.de\/blog\/wp-content\/uploads\/2021\/06\/Header-1.jpg","keywords":["Ambulanz","Klimawandel","Slum"],"articleSection":["Kenia"],"inLanguage":"de","potentialAction":[{"@type":"CommentAction","name":"Comment","target":["https:\/\/www.german-doctors.de\/blog\/2021\/06\/17\/die-duerre-macht-sich-bemerkbar\/#respond"]}]},{"@type":"WebPage","@id":"https:\/\/www.german-doctors.de\/blog\/2021\/06\/17\/die-duerre-macht-sich-bemerkbar\/","url":"https:\/\/www.german-doctors.de\/blog\/2021\/06\/17\/die-duerre-macht-sich-bemerkbar\/","name":"Die D\u00fcrre macht sich bemerkbar - German Doctors Blog","isPartOf":{"@id":"https:\/\/www.german-doctors.de\/blog\/#website"},"primaryImageOfPage":{"@id":"https:\/\/www.german-doctors.de\/blog\/2021\/06\/17\/die-duerre-macht-sich-bemerkbar\/#primaryimage"},"image":{"@id":"https:\/\/www.german-doctors.de\/blog\/2021\/06\/17\/die-duerre-macht-sich-bemerkbar\/#primaryimage"},"thumbnailUrl":"https:\/\/www.german-doctors.de\/blog\/wp-content\/uploads\/2021\/06\/Header-1.jpg","datePublished":"2021-06-17T06:40:13+00:00","dateModified":"2021-09-24T10:22:00+00:00","breadcrumb":{"@id":"https:\/\/www.german-doctors.de\/blog\/2021\/06\/17\/die-duerre-macht-sich-bemerkbar\/#breadcrumb"},"inLanguage":"de","potentialAction":[{"@type":"ReadAction","target":["https:\/\/www.german-doctors.de\/blog\/2021\/06\/17\/die-duerre-macht-sich-bemerkbar\/"]}]},{"@type":"ImageObject","inLanguage":"de","@id":"https:\/\/www.german-doctors.de\/blog\/2021\/06\/17\/die-duerre-macht-sich-bemerkbar\/#primaryimage","url":"https:\/\/www.german-doctors.de\/blog\/wp-content\/uploads\/2021\/06\/Header-1.jpg","contentUrl":"https:\/\/www.german-doctors.de\/blog\/wp-content\/uploads\/2021\/06\/Header-1.jpg","width":1200,"height":627},{"@type":"BreadcrumbList","@id":"https:\/\/www.german-doctors.de\/blog\/2021\/06\/17\/die-duerre-macht-sich-bemerkbar\/#breadcrumb","itemListElement":[{"@type":"ListItem","position":1,"name":"Home","item":"https:\/\/www.german-doctors.de\/blog\/"},{"@type":"ListItem","position":2,"name":"Die D\u00fcrre macht sich bemerkbar"}]},{"@type":"WebSite","@id":"https:\/\/www.german-doctors.de\/blog\/#website","url":"https:\/\/www.german-doctors.de\/blog\/","name":"German Doctors Blog","description":"\u00c4rzte berichten aus dem Einsatz","publisher":{"@id":"https:\/\/www.german-doctors.de\/blog\/#organization"},"potentialAction":[{"@type":"SearchAction","target":{"@type":"EntryPoint","urlTemplate":"https:\/\/www.german-doctors.de\/blog\/?s={search_term_string}"},"query-input":{"@type":"PropertyValueSpecification","valueRequired":true,"valueName":"search_term_string"}}],"inLanguage":"de"},{"@type":"Organization","@id":"https:\/\/www.german-doctors.de\/blog\/#organization","name":"German Doctors Blog","url":"https:\/\/www.german-doctors.de\/blog\/","logo":{"@type":"ImageObject","inLanguage":"de","@id":"https:\/\/www.german-doctors.de\/blog\/#\/schema\/logo\/image\/","url":"https:\/\/www.german-doctors.de\/blog\/wp-content\/uploads\/2015\/10\/JM-GDO-Blog-Logo.jpg","contentUrl":"https:\/\/www.german-doctors.de\/blog\/wp-content\/uploads\/2015\/10\/JM-GDO-Blog-Logo.jpg","width":305,"height":404,"caption":"German Doctors Blog"},"image":{"@id":"https:\/\/www.german-doctors.de\/blog\/#\/schema\/logo\/image\/"},"sameAs":["https:\/\/www.facebook.com\/GermanDoctors\/","https:\/\/x.com\/germandoctors","https:\/\/www.instagram.com\/german_doctors\/","https:\/\/www.youtube.com\/user\/Aerztefuerdie3Welt"]},{"@type":"Person","@id":"https:\/\/www.german-doctors.de\/blog\/#\/schema\/person\/b51695a9c0cbf66adbf11776f3cabab7","name":"germandoctors","image":{"@type":"ImageObject","inLanguage":"de","@id":"https:\/\/secure.gravatar.com\/avatar\/efbbed41a3da9b03cf94cc2985e557b83354d79cd92d9554893f9b2d1c23736b?s=96&d=mm&r=g","url":"https:\/\/secure.gravatar.com\/avatar\/efbbed41a3da9b03cf94cc2985e557b83354d79cd92d9554893f9b2d1c23736b?s=96&d=mm&r=g","contentUrl":"https:\/\/secure.gravatar.com\/avatar\/efbbed41a3da9b03cf94cc2985e557b83354d79cd92d9554893f9b2d1c23736b?s=96&d=mm&r=g","caption":"germandoctors"},"url":"https:\/\/www.german-doctors.de\/blog\/author\/germandoctors\/"}]}},"jetpack_featured_media_url":"https:\/\/www.german-doctors.de\/blog\/wp-content\/uploads\/2021\/06\/Header-1.jpg","jetpack_sharing_enabled":true,"jetpack_shortlink":"https:\/\/wp.me\/p7h8sX-2Jx","_links":{"self":[{"href":"https:\/\/www.german-doctors.de\/blog\/wp-json\/wp\/v2\/posts\/10511","targetHints":{"allow":["GET"]}}],"collection":[{"href":"https:\/\/www.german-doctors.de\/blog\/wp-json\/wp\/v2\/posts"}],"about":[{"href":"https:\/\/www.german-doctors.de\/blog\/wp-json\/wp\/v2\/types\/post"}],"author":[{"embeddable":true,"href":"https:\/\/www.german-doctors.de\/blog\/wp-json\/wp\/v2\/users\/2"}],"replies":[{"embeddable":true,"href":"https:\/\/www.german-doctors.de\/blog\/wp-json\/wp\/v2\/comments?post=10511"}],"version-history":[{"count":0,"href":"https:\/\/www.german-doctors.de\/blog\/wp-json\/wp\/v2\/posts\/10511\/revisions"}],"wp:featuredmedia":[{"embeddable":true,"href":"https:\/\/www.german-doctors.de\/blog\/wp-json\/wp\/v2\/media\/10554"}],"wp:attachment":[{"href":"https:\/\/www.german-doctors.de\/blog\/wp-json\/wp\/v2\/media?parent=10511"}],"wp:term":[{"taxonomy":"category","embeddable":true,"href":"https:\/\/www.german-doctors.de\/blog\/wp-json\/wp\/v2\/categories?post=10511"},{"taxonomy":"post_tag","embeddable":true,"href":"https:\/\/www.german-doctors.de\/blog\/wp-json\/wp\/v2\/tags?post=10511"}],"curies":[{"name":"wp","href":"https:\/\/api.w.org\/{rel}","templated":true}]}}